{"id":2475,"__str__":"Indica\u00e7\u00e3o n\u00ba 152 de 2026","link_detail_backend":"/materia/2475","metadata":{"signs":{"texto_original":{}}},"numero":152,"ano":2026,"numero_protocolo":197,"data_apresentacao":"2026-04-06","tipo_apresentacao":"E","data_publicacao":null,"numero_origem_externa":"","ano_origem_externa":null,"data_origem_externa":null,"apelido":"","dias_prazo":null,"data_fim_prazo":null,"em_tramitacao":true,"polemica":false,"objeto":"","complementar":false,"ementa":"Indico a constru\u00e7\u00e3o de uma pra\u00e7a p\u00fablica no Jardim dos Ip\u00eas, entre a Capela Nossa Senhora de F\u00e1tima e o Posto da CAERN, com piso intertravado, banheiro masculino e feminino, bancos, aproveitando parte da arboriza\u00e7\u00e3o existente e espa\u00e7o adequado para acomodar a feita livre da regi\u00e3o.","indexacao":"","observacao":"Mat\u00e9ria de autoria da vereadora Ver\u00f4nica Senra da Silva  com subscri\u00e7\u00e3o do vereador Alberto de Ara\u00fajo Villar Raposo de Melo Neto.","resultado":"","texto_original":"http://sapl.saojosedemipibu.rn.leg.br/media/sapl/public/materialegislativa/2026/2475/152.pdf","data_ultima_atualizacao":"2026-04-16T08:07:59.251278-03:00","ip":"170.233.120.80","ultima_edicao":"2026-04-14T07:52:53.679474-03:00","tipo":21,"regime_tramitacao":1,"tipo_origem_externa":null,"local_origem_externa":null,"user":18,"anexadas":[],"autores":[6]}