{"id":2306,"__str__":"Requerimento n\u00ba 15 de 2026","link_detail_backend":"/materia/2306","metadata":{"signs":{"texto_original":{}}},"numero":15,"ano":2026,"numero_protocolo":57,"data_apresentacao":"2026-02-20","tipo_apresentacao":"","data_publicacao":null,"numero_origem_externa":"","ano_origem_externa":null,"data_origem_externa":null,"apelido":"","dias_prazo":null,"data_fim_prazo":null,"em_tramitacao":false,"polemica":false,"objeto":"","complementar":false,"ementa":"Solicita informa\u00e7\u00f5es sobre a aplica\u00e7\u00e3o da lei 1.426/2025 que disp\u00f5e sobre a cria\u00e7\u00e3o da Carteira de Identifica\u00e7\u00e3o da Pessoa com Transtorno do Espectro Autista (CIPTEA), no Munic\u00edpio de S\u00e3o Jos\u00e9 de Mipibu-RN e d\u00e1 outras provid\u00eancias.","indexacao":"","observacao":"Mat\u00e9ria de autoria do vereador Alberto de Ara\u00fajo Villar R. de Melo Neto com subscri\u00e7\u00e3o dos vereadores Ver\u00f4nica Senra da Silva, Rosiane Pereira de Lima Rafael e Washington Fl\u00e1vio Cardoso.","resultado":"","texto_original":"http://sapl.saojosedemipibu.rn.leg.br/media/sapl/public/materialegislativa/2026/2306/15.pdf","data_ultima_atualizacao":"2026-03-09T19:43:04.303280-03:00","ip":"189.124.147.170","ultima_edicao":"2026-03-09T19:43:04.143158-03:00","tipo":20,"regime_tramitacao":1,"tipo_origem_externa":null,"local_origem_externa":null,"user":18,"anexadas":[],"autores":[35]}