{"id":2293,"__str__":"Requerimento n\u00ba 11 de 2026","link_detail_backend":"/materia/2293","metadata":{},"numero":11,"ano":2026,"numero_protocolo":45,"data_apresentacao":"2026-02-13","tipo_apresentacao":"","data_publicacao":null,"numero_origem_externa":"","ano_origem_externa":null,"data_origem_externa":null,"apelido":"","dias_prazo":null,"data_fim_prazo":null,"em_tramitacao":false,"polemica":false,"objeto":"","complementar":false,"ementa":"Reitero o Requerimento N\u00b0071/2025 que solicita informa\u00e7\u00f5es sobre quando ser\u00e1 o t\u00e9rmino, inaugurado e come\u00e7ara a funcionar devidamente a Unidade de Sa\u00fade Especializada (Centro de Refer\u00eancia e Imagem) neste munic\u00edpio.","indexacao":"","observacao":"","resultado":"","texto_original":"http://sapl.saojosedemipibu.rn.leg.br/media/sapl/public/materialegislativa/2026/2293/11.pdf","data_ultima_atualizacao":"2026-03-09T19:40:41.990549-03:00","ip":"189.124.147.170","ultima_edicao":"2026-03-09T19:40:41.845560-03:00","tipo":20,"regime_tramitacao":1,"tipo_origem_externa":null,"local_origem_externa":null,"user":18,"anexadas":[],"autores":[16]}