{"id":2087,"__str__":"Indica\u00e7\u00e3o n\u00ba 586 de 2025","link_detail_backend":"/materia/2087","metadata":{},"numero":586,"ano":2025,"numero_protocolo":835,"data_apresentacao":"2025-11-17","tipo_apresentacao":"","data_publicacao":null,"numero_origem_externa":"","ano_origem_externa":null,"data_origem_externa":null,"apelido":"","dias_prazo":null,"data_fim_prazo":null,"em_tramitacao":false,"polemica":false,"objeto":"","complementar":false,"ementa":"Prop\u00f5e a ilumina\u00e7\u00e3o ou ornamenta\u00e7\u00e3o de pr\u00e9dios, monumentos e demais espa\u00e7os p\u00fablicos na cor azul durante o Novembro Azul.","indexacao":"","observacao":"Mat\u00e9ria de autoria do vereador Edilson Fran\u00e7a com subscri\u00e7\u00e3o do vereador Washington Fl\u00e1vio Cardoso.","resultado":"","texto_original":"http://sapl.saojosedemipibu.rn.leg.br/media/sapl/public/materialegislativa/2025/2087/586.pdf","data_ultima_atualizacao":"2025-12-02T08:27:54.533451-03:00","ip":"45.165.130.112","ultima_edicao":"2025-12-02T08:27:54.422123-03:00","tipo":21,"regime_tramitacao":1,"tipo_origem_externa":null,"local_origem_externa":null,"user":22,"anexadas":[],"autores":[36]}