{"id":2051,"__str__":"Indica\u00e7\u00e3o n\u00ba 572 de 2025","link_detail_backend":"/materia/2051","metadata":{},"numero":572,"ano":2025,"numero_protocolo":802,"data_apresentacao":"2025-11-03","tipo_apresentacao":"","data_publicacao":null,"numero_origem_externa":"","ano_origem_externa":null,"data_origem_externa":null,"apelido":"","dias_prazo":null,"data_fim_prazo":null,"em_tramitacao":false,"polemica":false,"objeto":"","complementar":false,"ementa":"Indica a extens\u00e3o da rede de ilumina\u00e7\u00e3o p\u00fablica na Avenida Dr. Severino Lopes, nas proximidades do museu do vaqueiro.","indexacao":"","observacao":"Mat\u00e9ria de autoria do vereador M\u00e1rcio Gustavo de Ara\u00fajo Freire com subscri\u00e7\u00e3o dos vereadores Washington Fl\u00e1vio Cardoso, Ver\u00f4nica Senra da Silva, Daniel Ferreira Caldas, Alberto de Ara\u00fajo Villar R. de Melo Neto e Jean P\u00f3ggio Nerino.","resultado":"","texto_original":"http://sapl.saojosedemipibu.rn.leg.br/media/sapl/public/materialegislativa/2025/2051/572.pdf","data_ultima_atualizacao":"2025-11-07T20:35:08.306160-03:00","ip":"45.165.130.112","ultima_edicao":"2025-11-06T09:48:00.035549-03:00","tipo":21,"regime_tramitacao":1,"tipo_origem_externa":null,"local_origem_externa":null,"user":22,"anexadas":[],"autores":[34]}