{"id":1849,"__str__":"Indica\u00e7\u00e3o n\u00ba 496 de 2025","link_detail_backend":"/materia/1849","metadata":{},"numero":496,"ano":2025,"numero_protocolo":690,"data_apresentacao":"2025-09-15","tipo_apresentacao":"","data_publicacao":null,"numero_origem_externa":"","ano_origem_externa":null,"data_origem_externa":null,"apelido":"","dias_prazo":null,"data_fim_prazo":null,"em_tramitacao":true,"polemica":false,"objeto":"","complementar":false,"ementa":"Indica a cria\u00e7\u00e3o de um Programa de Incentivo \u00e0 Autonomia das Fam\u00edlias Benefici\u00e1rias do Aluguel Social, vinculando a participa\u00e7\u00e3o em cursos de capacita\u00e7\u00e3o e qualifica\u00e7\u00e3o profissional como forma de promover independ\u00eancia econ\u00f4mica ao t\u00e9rmino do benef\u00edcio.","indexacao":"","observacao":"Mat\u00e9ria do vereador Felipe de Moura Ferreira com subscri\u00e7\u00e3o dos vereadores Alberto de Ara\u00fajo Villar R. de Melo Neto, Rosiane Pereira de Lima Rafael e Washington Fl\u00e1vio Cardoso.","resultado":"","texto_original":"http://sapl.saojosedemipibu.rn.leg.br/media/sapl/public/materialegislativa/2025/1849/496.pdf","data_ultima_atualizacao":"2025-10-06T08:41:19.116165-03:00","ip":"45.165.130.112","ultima_edicao":"2025-10-01T09:07:51.997155-03:00","tipo":21,"regime_tramitacao":1,"tipo_origem_externa":null,"local_origem_externa":null,"user":45,"anexadas":[],"autores":[37]}