{"id":1493,"__str__":"Indica\u00e7\u00e3o n\u00ba 256 de 2025","link_detail_backend":"/materia/1493","metadata":{},"numero":256,"ano":2025,"numero_protocolo":408,"data_apresentacao":"2025-05-12","tipo_apresentacao":"E","data_publicacao":null,"numero_origem_externa":"","ano_origem_externa":null,"data_origem_externa":null,"apelido":"","dias_prazo":null,"data_fim_prazo":null,"em_tramitacao":true,"polemica":false,"objeto":"","complementar":false,"ementa":"\"Abertura de Ala pedi\u00e1trica para atendimento de urg\u00eancia/emerg\u00eancia na Unidade de Pronto Atendimento (UPA), neste munic\u00edpio.\"","indexacao":"","observacao":"Mat\u00e9ria de autoria do vereador Alberto de Ara\u00fajo Villar Raposo de Melo Neto, com a subscri\u00e7\u00e3o dos vereadores Felipe de Moura Ferreira e Washington Fl\u00e1vio Cardoso.\r\n\r\n\r\n\r\n\r\n\r\n\r\nObs.: Coletar assinatura de Felipe Moura.","resultado":"","texto_original":"http://sapl.saojosedemipibu.rn.leg.br/media/sapl/public/materialegislativa/2025/1493/256.pdf","data_ultima_atualizacao":"2025-06-03T09:58:48.971366-03:00","ip":"189.124.138.217","ultima_edicao":"2025-06-03T09:58:48.827753-03:00","tipo":21,"regime_tramitacao":1,"tipo_origem_externa":null,"local_origem_externa":null,"user":18,"anexadas":[],"autores":[35]}