{"id":1473,"__str__":"Projeto de Lei n\u00ba 23 de 2025","link_detail_backend":"/materia/1473","metadata":{},"numero":23,"ano":2025,"numero_protocolo":387,"data_apresentacao":"2025-05-05","tipo_apresentacao":"E","data_publicacao":null,"numero_origem_externa":"","ano_origem_externa":null,"data_origem_externa":null,"apelido":"","dias_prazo":null,"data_fim_prazo":null,"em_tramitacao":false,"polemica":false,"objeto":"","complementar":false,"ementa":"\"Disp\u00f5e sobre a denomina\u00e7\u00e3o do nome do est\u00e1dio de futebol da Comunidade Mendes.\"","indexacao":"","observacao":"Mat\u00e9ria de autoria do vereador Kericlis Alves Ribeiro.","resultado":"","texto_original":"http://sapl.saojosedemipibu.rn.leg.br/media/sapl/public/materialegislativa/2025/1473/23_denominacao_do_nome_do_estadio_de_futebol_da_comunidade_mendes.pdf","data_ultima_atualizacao":"2025-11-13T08:25:24.399423-03:00","ip":"45.165.130.112","ultima_edicao":"2025-11-13T08:25:24.250084-03:00","tipo":14,"regime_tramitacao":1,"tipo_origem_externa":null,"local_origem_externa":null,"user":19,"anexadas":[],"autores":[39]}