{"id":1371,"__str__":"Indica\u00e7\u00e3o n\u00ba 184 de 2025","link_detail_backend":"/materia/1371","metadata":{},"numero":184,"ano":2025,"numero_protocolo":284,"data_apresentacao":"2025-04-08","tipo_apresentacao":"E","data_publicacao":null,"numero_origem_externa":"","ano_origem_externa":null,"data_origem_externa":null,"apelido":"","dias_prazo":null,"data_fim_prazo":null,"em_tramitacao":true,"polemica":false,"objeto":"","complementar":false,"ementa":"\"Constru\u00e7\u00e3o de uma pra\u00e7a com espa\u00e7o de conviv\u00eancia, estrutura de quiosque e ilumina\u00e7\u00e3o em LED, \u00e0s margens da Rua vinte e seis de Julho, pr\u00f3ximo \u00e0 linha do trem e espetinho da Verinha, no KM 38, neste munic\u00edpio.\"","indexacao":"","observacao":"Mat\u00e9ria de autoria do vereador Alberto de Ara\u00fajo Villar Raposo de Melo Neto.","resultado":"","texto_original":"http://sapl.saojosedemipibu.rn.leg.br/media/sapl/public/materialegislativa/2025/1371/184_1.pdf","data_ultima_atualizacao":"2025-05-15T11:49:47.516856-03:00","ip":"189.124.138.216","ultima_edicao":"2025-05-15T11:49:47.339249-03:00","tipo":21,"regime_tramitacao":1,"tipo_origem_externa":null,"local_origem_externa":null,"user":48,"anexadas":[],"autores":[35]}