{"id":1303,"__str__":"Mo\u00e7\u00e3o n\u00ba 14 de 2025","link_detail_backend":"/materia/1303","metadata":{},"numero":14,"ano":2025,"numero_protocolo":226,"data_apresentacao":"2025-03-24","tipo_apresentacao":"E","data_publicacao":null,"numero_origem_externa":"","ano_origem_externa":null,"data_origem_externa":null,"apelido":"","dias_prazo":null,"data_fim_prazo":null,"em_tramitacao":true,"polemica":false,"objeto":"","complementar":false,"ementa":"\"Mo\u00e7\u00e3o de Pesar \u00e0 fam\u00edlia da Senhora Francisca Bras do Nascimento (Quinha), falecida em 19 de mar\u00e7o de 2025. \"","indexacao":"","observacao":"Mat\u00e9ria de autoria do vereador Alberto de Ara\u00fajo Villar Raposo de Melo Neto, com a subscri\u00e7\u00e3o dos vereadores Jean P\u00f3ggio Nerino e Ver\u00f4nica Senra da Silva.","resultado":"","texto_original":"http://sapl.saojosedemipibu.rn.leg.br/media/sapl/public/materialegislativa/2025/1303/14.pdf","data_ultima_atualizacao":"2025-05-20T09:01:25.643854-03:00","ip":"189.124.138.216","ultima_edicao":"2025-05-20T09:01:25.464277-03:00","tipo":22,"regime_tramitacao":1,"tipo_origem_externa":null,"local_origem_externa":null,"user":18,"anexadas":[],"autores":[35,10,6]}