{"id":1294,"__str__":"Requerimento n\u00ba 35 de 2025","link_detail_backend":"/materia/1294","metadata":{},"numero":35,"ano":2025,"numero_protocolo":217,"data_apresentacao":"2025-03-21","tipo_apresentacao":"E","data_publicacao":null,"numero_origem_externa":"","ano_origem_externa":null,"data_origem_externa":null,"apelido":"","dias_prazo":null,"data_fim_prazo":null,"em_tramitacao":true,"polemica":false,"objeto":"","complementar":false,"ementa":"\"Informa\u00e7\u00f5es sobre a implanta\u00e7\u00e3o da Lei n\u00ba 1.389/2024 que 'Disp\u00f5e sobre a inclus\u00e3o de conte\u00fado sobre empreendedorismo nas disciplinas dos curr\u00edculos das escolas municipais de S\u00e3o Jos\u00e9 de Mipibu/RN e d\u00e1 outras provid\u00eancias'.\"","indexacao":"","observacao":"Mat\u00e9ria de autoria da  vereadora Ver\u00f4nica Senra da Silva, com a subscri\u00e7\u00e3o dos vereadores Alberto de Ara\u00fajo Villar Raposo de Melo Neto, Daniel Ferreira Caldas, Edilson Fran\u00e7a, Felipe de Moura Ferreira, Gustavo Roque de Souza Menino, Jean P\u00f3ggio Nerino, Maria Ducineide Rodrigues da Silva, Rosiane Pereira de Lima Rafael e Washington Fl\u00e1vio Cardoso.\r\n\r\n\r\n\r\nObs.: Coletar assinaturas de Edilson Fran\u00e7a, Felipe de Moura Ferreira e Gustavo Roque de Souza Menino.","resultado":"","texto_original":"http://sapl.saojosedemipibu.rn.leg.br/media/sapl/public/materialegislativa/2025/1294/35_1.pdf","data_ultima_atualizacao":"2025-06-03T10:07:15.685849-03:00","ip":"189.124.138.217","ultima_edicao":"2025-06-03T10:07:15.521393-03:00","tipo":20,"regime_tramitacao":1,"tipo_origem_externa":null,"local_origem_externa":null,"user":18,"anexadas":[],"autores":[16,5,36,10,41,6,40]}