{"id":1211,"__str__":"Mo\u00e7\u00e3o n\u00ba 11 de 2025","link_detail_backend":"/materia/1211","metadata":{},"numero":11,"ano":2025,"numero_protocolo":163,"data_apresentacao":"2025-03-11","tipo_apresentacao":"E","data_publicacao":null,"numero_origem_externa":"","ano_origem_externa":null,"data_origem_externa":null,"apelido":"","dias_prazo":null,"data_fim_prazo":null,"em_tramitacao":true,"polemica":false,"objeto":"","complementar":false,"ementa":"\"Mo\u00e7\u00e3o de pesar pelo falecimento da sra. MARILENE DE ALMEIDA MELO.\"","indexacao":"","observacao":"Mo\u00e7\u00e3o de Pesar de autoria da vereadora Ver\u00f4nica Senra da Silva, com a subscri\u00e7\u00e3o dos vereadores Daniel Ferreira Caldas, Jean P\u00f3ggio Nerino, Felipe de Moura Ferreira e Marcio Gustavo de Ara\u00fajo Freire.","resultado":"","texto_original":"http://sapl.saojosedemipibu.rn.leg.br/media/sapl/public/materialegislativa/2025/1211/11.pdf","data_ultima_atualizacao":"2025-06-16T08:40:20.725526-03:00","ip":"189.124.138.217","ultima_edicao":"2025-06-16T08:40:20.579961-03:00","tipo":22,"regime_tramitacao":2,"tipo_origem_externa":null,"local_origem_externa":null,"user":19,"anexadas":[],"autores":[16,37,10,34,6]}