{"id":1183,"__str__":"Indica\u00e7\u00e3o n\u00ba 77 de 2025","link_detail_backend":"/materia/1183","metadata":{},"numero":77,"ano":2025,"numero_protocolo":135,"data_apresentacao":"2025-03-11","tipo_apresentacao":"E","data_publicacao":null,"numero_origem_externa":"","ano_origem_externa":null,"data_origem_externa":null,"apelido":"","dias_prazo":null,"data_fim_prazo":null,"em_tramitacao":true,"polemica":false,"objeto":"","complementar":false,"ementa":"\"Implanta\u00e7\u00e3o da Transporte P\u00fablico para as Comunidades de Mendes e Japecanga.\"","indexacao":"","observacao":"Mat\u00e9ria de autoria da vereadora Carla Simone Gomes de Lima.","resultado":"","texto_original":"http://sapl.saojosedemipibu.rn.leg.br/media/sapl/public/materialegislativa/2025/1183/77.pdf","data_ultima_atualizacao":"2025-05-15T08:29:02.872033-03:00","ip":"189.124.138.216","ultima_edicao":"2025-05-15T08:29:02.706425-03:00","tipo":21,"regime_tramitacao":1,"tipo_origem_externa":null,"local_origem_externa":null,"user":48,"anexadas":[],"autores":[1]}