{"id":1109,"__str__":"Indica\u00e7\u00e3o n\u00ba 18 de 2025","link_detail_backend":"/materia/1109","metadata":{},"numero":18,"ano":2025,"numero_protocolo":72,"data_apresentacao":"2025-02-14","tipo_apresentacao":"E","data_publicacao":null,"numero_origem_externa":"","ano_origem_externa":null,"data_origem_externa":null,"apelido":"","dias_prazo":null,"data_fim_prazo":null,"em_tramitacao":true,"polemica":false,"objeto":"","complementar":false,"ementa":"\u201cIndica ao Poder Executivo a reforma da Pra\u00e7a do Mendes, visando a\r\nrevitaliza\u00e7\u00e3o do espa\u00e7o para melhor atendimento \u00e0 comunidade.\u201d","indexacao":"","observacao":"Mat\u00e9ria de autoria da vereadora Carla Simone Gomes de Lima.","resultado":"","texto_original":"http://sapl.saojosedemipibu.rn.leg.br/media/sapl/public/materialegislativa/2025/1109/18.pdf","data_ultima_atualizacao":"2025-05-14T11:53:15.503255-03:00","ip":"189.124.138.216","ultima_edicao":"2025-05-14T11:53:15.367725-03:00","tipo":21,"regime_tramitacao":1,"tipo_origem_externa":null,"local_origem_externa":null,"user":48,"anexadas":[],"autores":[1]}