{"id":1091,"__str__":"Indica\u00e7\u00e3o n\u00ba 69 de 2025","link_detail_backend":"/materia/1091","metadata":{},"numero":69,"ano":2025,"numero_protocolo":54,"data_apresentacao":"2025-02-28","tipo_apresentacao":"E","data_publicacao":null,"numero_origem_externa":"","ano_origem_externa":null,"data_origem_externa":null,"apelido":"","dias_prazo":null,"data_fim_prazo":null,"em_tramitacao":true,"polemica":false,"objeto":"","complementar":false,"ementa":"\"Cria\u00e7\u00e3o da feira do agricultor no distrito do Aren\u00e3.\"","indexacao":"Mat\u00e9ria de autoria do vereador Washington Cardoso, com subscri\u00e7\u00e3o do vereador Daniel Ferreira Caldas.","observacao":"","resultado":"","texto_original":"http://sapl.saojosedemipibu.rn.leg.br/media/sapl/public/materialegislativa/2025/1091/69.pdf","data_ultima_atualizacao":"2025-04-02T11:13:42.860936-03:00","ip":"189.124.138.216","ultima_edicao":"2025-04-02T11:13:42.711287-03:00","tipo":21,"regime_tramitacao":1,"tipo_origem_externa":null,"local_origem_externa":null,"user":45,"anexadas":[],"autores":[40]}